{"id":2172,"date":"2023-01-31T21:32:00","date_gmt":"2023-01-31T21:32:00","guid":{"rendered":"https:\/\/villamedicina.hu\/?p=2172"},"modified":"2025-01-22T13:56:36","modified_gmt":"2025-01-22T13:56:36","slug":"covid-betegseget-koveto-menstruacios-zavar","status":"publish","type":"post","link":"https:\/\/villamedicina.hu\/en\/covid-betegseget-koveto-menstruacios-zavar\/","title":{"rendered":"MENSTRUAL DISORDER FOLLOWING COVID DISEASE"},"content":{"rendered":"<div data-elementor-type=\"wp-post\" data-elementor-id=\"2172\" class=\"elementor elementor-2172\" data-elementor-post-type=\"post\">\n\t\t\t\t<div class=\"elementor-element elementor-element-1a3ce5fd e-flex e-con-boxed e-con e-parent\" data-id=\"1a3ce5fd\" data-element_type=\"container\">\n\t\t\t\t\t<div class=\"e-con-inner\">\n\t\t\t\t<div class=\"elementor-element elementor-element-2576b67c elementor-widget elementor-widget-text-editor\" data-id=\"2576b67c\" data-element_type=\"widget\" data-widget_type=\"text-editor.default\">\n\t\t\t\t<div class=\"elementor-widget-container\">\n\t\t\t<style>\/*! elementor - v3.23.0 - 15-07-2024 *\/\n.elementor-widget-text-editor.elementor-drop-cap-view-stacked .elementor-drop-cap{background-color:#69727d;color:#fff}.elementor-widget-text-editor.elementor-drop-cap-view-framed .elementor-drop-cap{color:#69727d;border:3px solid;background-color:transparent}.elementor-widget-text-editor:not(.elementor-drop-cap-view-default) .elementor-drop-cap{margin-top:8px}.elementor-widget-text-editor:not(.elementor-drop-cap-view-default) .elementor-drop-cap-letter{width:1em;height:1em}.elementor-widget-text-editor .elementor-drop-cap{float:left;text-align:center;line-height:1;font-size:50px}.elementor-widget-text-editor .elementor-drop-cap-letter{display:inline-block}<\/style>\t\t\t\t<!-- wp:paragraph -->\n<p>Viszonylag gyakran \u00e9rkezik szakorvosaink fel\u00e9 az a k\u00e9rd\u00e9s, hogy a poszt-covid okozhat-e menstru\u00e1ci\u00f3s zavart, okozhat-e v\u00e9rz\u00e9skimarad\u00e1st.\u00a0A v\u00e1lasz a jelenlegi tud\u00e1s alapj\u00e1n sajnos nem egy\u00e9rtelm\u0171, azonban gyakori hogy a covid betegs\u00e9gen \u00e1tes\u0151, vagy az olt\u00e1st megkap\u00f3 h\u00f6lgyek menstu\u00e1ci\u00f3j\u00e1nak id\u0151tartama megn\u0151, vagy a havi v\u00e9rz\u00e9sek \u00e1tmenetileg rendszertelenn\u00e9 v\u00e1lnak. A kutat\u00e1sok folyamatosan zajlanak, azonban m\u00e9g nincs olyan nagy esetsz\u00e1m\u00fa tanulm\u00e1ny amely alapj\u00e1n le lehetne sz\u00f6gezni, hogy a rendszertelen v\u00e9rz\u00e9st a covid betegs\u00e9g, vagy az olt\u00e1s okozza.\u00a0Lehet ez egy immunv\u00e1lasz is a szervezet r\u00e9sz\u00e9r\u0151l, amelyn\u00e9l, mint p\u00e9ld\u00e1ul gy\u00f3gyszeres kezel\u00e9sekn\u00e9l, vagy stressz hat\u00e1s\u00e1ra a szervezet ekk\u00e9pp reag\u00e1l \u00e9s az immun- \u00e9s hormonrendszernek kell egy kis id\u0151 am\u00edg \u00fajra egyens\u00falyba ker\u00fcl.\u00a0Azonban ha b\u0151 v\u00e9rz\u00e9st, vagy sok\u00e1ig elh\u00faz\u00f3d\u00f3 v\u00e9rz\u00e9st tapasztal, mindenk\u00e9pp \u00e9rdemes orvoshoz fordulnia, mert lehet, hogy valami m\u00e1s betegs\u00e9g \u00e1ll a panaszok h\u00e1tter\u00e9ben, amely a lehet\u0151 leggyorsabban kezel\u00e9sre szorul.\u00a0<\/p>\n<!-- \/wp:paragraph --><!-- wp:paragraph -->\n<p><strong>HAVE A COMPLAINT?<\/strong><\/p>\n<!-- \/wp:paragraph --><!-- wp:paragraph -->\n<p>In case of a gynecological complaint, please make an appointment with one of our obstetrician-gynecologists by clicking the button below.<\/p>\n<!-- \/wp:paragraph --><!-- wp:paragraph -->\n<p><a href=\"https:\/\/villamedicina.hu\/en\/munkatarsak\/dr-bahrehmand-kiarash\/\">Dr. Kiarash Bahrehmand<\/a><\/p>\n<!-- \/wp:paragraph --><!-- wp:paragraph -->\n<p><a href=\"https:\/\/villamedicina.salonic.hu\/employees\/10903\/?placeId=3176\">Dr. Gy\u00f6rgy V\u00e9gh<\/a><\/p>\n<!-- \/wp:paragraph --><!-- wp:paragraph -->\n<p><a href=\"https:\/\/villamedicina.salonic.hu\/employees\/10898\/?placeId=3176\">Dr. G\u00e9za Abkarovics<\/a><\/p>\n<!-- \/wp:paragraph --><!-- wp:buttons -->\n<div class=\"wp-block-buttons\"><!-- wp:button {\"textColor\":\"white\",\"width\":50,\"style\":{\"border\":{\"radius\":\"15px\"},\"elements\":{\"link\":{\"color\":{\"text\":\"var:preset|color|white\"}}},\"color\":{\"background\":\"#663399\"}},\"fontSize\":\"small\"} -->\n<div class=\"wp-block-button has-custom-width wp-block-button__width-50 has-custom-font-size has-small-font-size\"><a class=\"wp-block-button__link has-white-color has-text-color has-background has-link-color wp-element-button\" style=\"border-radius: 15px; background-color: #663399;\" href=\"https:\/\/villamedicina.hu\/en\/orvosok-nogyogyaszat\/\"><strong>Make an appointment<\/strong><\/a><\/div>\n<!-- \/wp:button --><\/div>\n<!-- \/wp:buttons -->\t\t\t\t\t\t<\/div>\n\t\t\t\t<\/div>\n\t\t\t\t\t<\/div>\n\t\t\t\t<\/div>\n\t\t\t\t<\/div>","protected":false},"excerpt":{"rendered":"<p>Viszonylag gyakran \u00e9rkezik szakorvosaink fel\u00e9 az a k\u00e9rd\u00e9s, hogy a poszt-covid okozhat-e menstru\u00e1ci\u00f3s zavart, okozhat-e v\u00e9rz\u00e9skimarad\u00e1st.\u00a0A v\u00e1lasz a jelenlegi tud\u00e1s alapj\u00e1n sajnos nem egy\u00e9rtelm\u0171, azonban gyakori hogy a covid betegs\u00e9gen \u00e1tes\u0151, vagy az olt\u00e1st megkap\u00f3 h\u00f6lgyek menstu\u00e1ci\u00f3j\u00e1nak id\u0151tartama megn\u0151, vagy a havi v\u00e9rz\u00e9sek \u00e1tmenetileg rendszertelenn\u00e9 v\u00e1lnak. A kutat\u00e1sok folyamatosan zajlanak, azonban m\u00e9g nincs olyan nagy [&hellip;]<\/p>","protected":false},"author":3,"featured_media":2173,"comment_status":"open","ping_status":"closed","sticky":false,"template":"","format":"standard","meta":{"_acf_changed":false,"wds_primary_category":15,"wds_primary_enpost":0,"footnotes":""},"categories":[15],"tags":[89,70,91,35,38,90],"enpost":[27],"class_list":["post-2172","post","type-post","status-publish","format-standard","has-post-thumbnail","hentry","category-aktualis","tag-covid","tag-menstruacio","tag-menstruacioszavar","tag-nogyogyaszat","tag-nogyogyaszati-panasz","tag-postcovid"],"acf":[],"_links":{"self":[{"href":"https:\/\/villamedicina.hu\/en\/wp-json\/wp\/v2\/posts\/2172","targetHints":{"allow":["GET"]}}],"collection":[{"href":"https:\/\/villamedicina.hu\/en\/wp-json\/wp\/v2\/posts"}],"about":[{"href":"https:\/\/villamedicina.hu\/en\/wp-json\/wp\/v2\/types\/post"}],"author":[{"embeddable":true,"href":"https:\/\/villamedicina.hu\/en\/wp-json\/wp\/v2\/users\/3"}],"replies":[{"embeddable":true,"href":"https:\/\/villamedicina.hu\/en\/wp-json\/wp\/v2\/comments?post=2172"}],"version-history":[{"count":5,"href":"https:\/\/villamedicina.hu\/en\/wp-json\/wp\/v2\/posts\/2172\/revisions"}],"predecessor-version":[{"id":3555,"href":"https:\/\/villamedicina.hu\/en\/wp-json\/wp\/v2\/posts\/2172\/revisions\/3555"}],"wp:featuredmedia":[{"embeddable":true,"href":"https:\/\/villamedicina.hu\/en\/wp-json\/wp\/v2\/media\/2173"}],"wp:attachment":[{"href":"https:\/\/villamedicina.hu\/en\/wp-json\/wp\/v2\/media?parent=2172"}],"wp:term":[{"taxonomy":"category","embeddable":true,"href":"https:\/\/villamedicina.hu\/en\/wp-json\/wp\/v2\/categories?post=2172"},{"taxonomy":"post_tag","embeddable":true,"href":"https:\/\/villamedicina.hu\/en\/wp-json\/wp\/v2\/tags?post=2172"},{"taxonomy":"enpost","embeddable":true,"href":"https:\/\/villamedicina.hu\/en\/wp-json\/wp\/v2\/enpost?post=2172"}],"curies":[{"name":"wp","href":"https:\/\/api.w.org\/{rel}","templated":true}]}}